{"id":797,"date":"2014-04-19T22:32:49","date_gmt":"2014-04-19T20:32:49","guid":{"rendered":"http:\/\/www.tontraegerberlin.de\/wordpress\/?p=797"},"modified":"2014-04-19T22:34:09","modified_gmt":"2014-04-19T20:34:09","slug":"tontrager-im-zdf-morgenmagazin","status":"publish","type":"post","link":"https:\/\/www.tontraegerberlin.de\/wordpress\/?p=797","title":{"rendered":"Tontr\u00e4ger im ZDF Morgenmagazin"},"content":{"rendered":"<p>Liebe Fans und Finnen,<br \/>\nwir werden demn\u00e4chst fr\u00fcher aufstehen m\u00fcssen: wird sind am Dienstag, den <strong>29.4.<\/strong> im <strong>ZDF Morgenmagazin<\/strong> zu Gast, ca. um <strong>8:20 Uhr<\/strong>! Jubel &#038; Luftschlangen!<\/p>\n<p>Wer zu solchen Zeiten noch nicht auf den Beinen ist: die <a href=\"http:\/\/www.zdf.de\/ZDFmediathek\/beitrag\/live\/1822600\/Das-ZDF-im-Livestream#\/hauptnavigation\/sendung-verpasst\" title=\"ZDF-Mediathek\" target=\"_blank\">ZDF-Mediathek<\/a> wird den Auftritt nat\u00fcrlich auch danach noch zug\u00e4nglich machen.<\/p>\n<p><a href=\"http:\/\/www.tontraegerberlin.de\/wordpress\/wp-content\/uploads\/Tontraeger_Zebrano_1010681_2.jpg\"><img decoding=\"async\" loading=\"lazy\" src=\"http:\/\/www.tontraegerberlin.de\/wordpress\/wp-content\/uploads\/Tontraeger_Zebrano_1010681_2-300x130.jpg\" alt=\"TONTR\u00c4GER im Zebrano\" width=\"300\" height=\"130\" class=\"alignnone size-medium wp-image-798\" srcset=\"https:\/\/www.tontraegerberlin.de\/wordpress\/wp-content\/uploads\/Tontraeger_Zebrano_1010681_2-300x130.jpg 300w, https:\/\/www.tontraegerberlin.de\/wordpress\/wp-content\/uploads\/Tontraeger_Zebrano_1010681_2-1024x446.jpg 1024w, https:\/\/www.tontraegerberlin.de\/wordpress\/wp-content\/uploads\/Tontraeger_Zebrano_1010681_2.jpg 1280w\" sizes=\"(max-width: 300px) 100vw, 300px\" \/><\/a><\/p>\n<p>Wir freuen uns auf explodierende Quoten &#038; werden schon bald wieder von uns h\u00f6ren lassen!<br \/>\nEure Tontr\u00e4ger<\/p>\n","protected":false},"excerpt":{"rendered":"<p>Liebe Fans und Finnen, wir werden demn\u00e4chst fr\u00fcher aufstehen m\u00fcssen: wird sind am Dienstag, den 29.4. im ZDF Morgenmagazin zu Gast, ca. um 8:20 Uhr! Jubel &#038; Luftschlangen! Wer zu solchen Zeiten noch nicht auf den Beinen ist: die ZDF-Mediathek wird den Auftritt nat\u00fcrlich auch danach noch zug\u00e4nglich machen. Wir freuen uns auf explodierende Quoten [&hellip;]<\/p>\n","protected":false},"author":1,"featured_media":0,"comment_status":"open","ping_status":"open","sticky":false,"template":"","format":"standard","meta":[],"categories":[1],"tags":[],"_links":{"self":[{"href":"https:\/\/www.tontraegerberlin.de\/wordpress\/index.php?rest_route=\/wp\/v2\/posts\/797"}],"collection":[{"href":"https:\/\/www.tontraegerberlin.de\/wordpress\/index.php?rest_route=\/wp\/v2\/posts"}],"about":[{"href":"https:\/\/www.tontraegerberlin.de\/wordpress\/index.php?rest_route=\/wp\/v2\/types\/post"}],"author":[{"embeddable":true,"href":"https:\/\/www.tontraegerberlin.de\/wordpress\/index.php?rest_route=\/wp\/v2\/users\/1"}],"replies":[{"embeddable":true,"href":"https:\/\/www.tontraegerberlin.de\/wordpress\/index.php?rest_route=%2Fwp%2Fv2%2Fcomments&post=797"}],"version-history":[{"count":5,"href":"https:\/\/www.tontraegerberlin.de\/wordpress\/index.php?rest_route=\/wp\/v2\/posts\/797\/revisions"}],"predecessor-version":[{"id":802,"href":"https:\/\/www.tontraegerberlin.de\/wordpress\/index.php?rest_route=\/wp\/v2\/posts\/797\/revisions\/802"}],"wp:attachment":[{"href":"https:\/\/www.tontraegerberlin.de\/wordpress\/index.php?rest_route=%2Fwp%2Fv2%2Fmedia&parent=797"}],"wp:term":[{"taxonomy":"category","embeddable":true,"href":"https:\/\/www.tontraegerberlin.de\/wordpress\/index.php?rest_route=%2Fwp%2Fv2%2Fcategories&post=797"},{"taxonomy":"post_tag","embeddable":true,"href":"https:\/\/www.tontraegerberlin.de\/wordpress\/index.php?rest_route=%2Fwp%2Fv2%2Ftags&post=797"}],"curies":[{"name":"wp","href":"https:\/\/api.w.org\/{rel}","templated":true}]}}