{"id":776,"date":"2012-11-01T19:52:26","date_gmt":"2012-11-01T17:52:26","guid":{"rendered":"http:\/\/85.214.115.54\/wordpress\/?p=776"},"modified":"2012-11-06T13:18:27","modified_gmt":"2012-11-06T11:18:27","slug":"konzerte-support-bars","status":"publish","type":"post","link":"https:\/\/www.tontraegerberlin.de\/wordpress\/?p=776","title":{"rendered":"[KONZERTE] Neue Konzerte"},"content":{"rendered":"<p>Verehrte F\u00e4ngemeinde,<br \/>\ntun wir einfach so, als h\u00e4tten wir regelm\u00e4\u00dfig mit Updates um uns geschmissen, so dass wir aus diesem Eintrag \u00fcberhaupt kein gro\u00dfes Ding machen m\u00fcssen, keine Entschuldigungserg\u00fcsse oder mehr schlecht- als rechtfertigendes Gestammel ob unserer schleppend vorankommenden Ber\u00fchmtheit. Einen Eintrag, der nur sagt: Hey, wir haben ein paar neue <a href=\"http:\/\/www.tontraegerberlin.de\/konzerte.html\"><span style=\"text-decoration: underline;\">Konzerttermine<\/span><\/a> angek\u00fcndigt, zieht es euch rein.<\/p>\n<p>Seid ihr bereit, euch gemeinsam mit mir dieser Illusion hinzugeben? Gut. Dann lest jetzt noch ein Gedicht, dass euch noch sehr n\u00fctzlich sein kann, wenn auf Facebook gerade mal wieder jemand in lyrischer Form behauptet, dass <em>ein <strong>Kranich<\/strong> zu sein<\/em> doch in punkto Freiheit, Reisem\u00f6glichkeiten, Perspektivwechsel, etc. eine famose Sache sein m\u00fcsse.<\/p>\n<blockquote><p><font color=\"#450000\"><strong>Kranicht<\/strong><\/p>\n<p>Manche h\u00f6rt man reden:<br \/>\n\u201eKranich sein? Auf jeden!<br \/>\nMensch sein? Wir verzichten!\u201c<\/p>\n<p>Lasst mich jenen sagen:<br \/>\nAuch das Fl\u00fcgelschlagen<br \/>\nkann nicht alles richten.<\/p>\n<p>So sieht man den Kranich<br \/>\nselten oder gar nicht<br \/>\nbeim auf-Facebook-Dichten.<\/font><\/p><\/blockquote>\n<p>Ergebenst gr\u00fc\u00dfend,<br \/>\nTon &#8222;als-w\u00e4ren-sie-nie-weggewesen&#8220; tr\u00e4ger<\/p>\n","protected":false},"excerpt":{"rendered":"<p>Verehrte F\u00e4ngemeinde, tun wir einfach so, als h\u00e4tten wir regelm\u00e4\u00dfig mit Updates um uns geschmissen, so dass wir aus diesem Eintrag \u00fcberhaupt kein gro\u00dfes Ding machen m\u00fcssen, keine Entschuldigungserg\u00fcsse oder mehr schlecht- als rechtfertigendes Gestammel ob unserer schleppend vorankommenden Ber\u00fchmtheit. Einen Eintrag, der nur sagt: Hey, wir haben ein paar neue Konzerttermine angek\u00fcndigt, zieht es [&hellip;]<\/p>\n","protected":false},"author":1,"featured_media":0,"comment_status":"open","ping_status":"open","sticky":false,"template":"","format":"standard","meta":[],"categories":[1],"tags":[],"_links":{"self":[{"href":"https:\/\/www.tontraegerberlin.de\/wordpress\/index.php?rest_route=\/wp\/v2\/posts\/776"}],"collection":[{"href":"https:\/\/www.tontraegerberlin.de\/wordpress\/index.php?rest_route=\/wp\/v2\/posts"}],"about":[{"href":"https:\/\/www.tontraegerberlin.de\/wordpress\/index.php?rest_route=\/wp\/v2\/types\/post"}],"author":[{"embeddable":true,"href":"https:\/\/www.tontraegerberlin.de\/wordpress\/index.php?rest_route=\/wp\/v2\/users\/1"}],"replies":[{"embeddable":true,"href":"https:\/\/www.tontraegerberlin.de\/wordpress\/index.php?rest_route=%2Fwp%2Fv2%2Fcomments&post=776"}],"version-history":[{"count":5,"href":"https:\/\/www.tontraegerberlin.de\/wordpress\/index.php?rest_route=\/wp\/v2\/posts\/776\/revisions"}],"predecessor-version":[{"id":781,"href":"https:\/\/www.tontraegerberlin.de\/wordpress\/index.php?rest_route=\/wp\/v2\/posts\/776\/revisions\/781"}],"wp:attachment":[{"href":"https:\/\/www.tontraegerberlin.de\/wordpress\/index.php?rest_route=%2Fwp%2Fv2%2Fmedia&parent=776"}],"wp:term":[{"taxonomy":"category","embeddable":true,"href":"https:\/\/www.tontraegerberlin.de\/wordpress\/index.php?rest_route=%2Fwp%2Fv2%2Fcategories&post=776"},{"taxonomy":"post_tag","embeddable":true,"href":"https:\/\/www.tontraegerberlin.de\/wordpress\/index.php?rest_route=%2Fwp%2Fv2%2Ftags&post=776"}],"curies":[{"name":"wp","href":"https:\/\/api.w.org\/{rel}","templated":true}]}}