{"id":432,"date":"2009-11-06T18:21:07","date_gmt":"2009-11-06T16:21:07","guid":{"rendered":"http:\/\/85.214.115.54\/wordpress\/?p=432"},"modified":"2009-11-06T18:22:45","modified_gmt":"2009-11-06T16:22:45","slug":"rot-ist-out","status":"publish","type":"post","link":"https:\/\/www.tontraegerberlin.de\/wordpress\/?p=432","title":{"rendered":"Rot ist out"},"content":{"rendered":"<p><strong>Ich habe vor kurzem <\/strong>erst gelernt, dass ROT als Hintergrundfarbe eigentlich \u00fcberhaupt gar nicht geht &#8211; es lenkt die Aufmerksamkeit auf sich und bringt Unruhe, Agressivit\u00e4t und Hausfriedensbruch in die Seite &#8211; und deshalb vollst\u00e4ndig zu vermeiden ist. Warum hat mir auch vorher keiner was gesagt!? Naja. Mal schauen, wie hoch braun-grau-gr\u00fcn-bl\u00e4sslich-dunkel bei der Welt\u00f6ffentlichkeit (euch) im Kurs steht. Lob und Zustimmung an Ort und Stelle erw\u00fcnscht, Kritik bitte an Barack Obama, der k\u00fcmmert sich dann vielleicht darum.<\/p>\n<p><strong>An dieser Stelle<\/strong> m\u00f6chte ich nochmal alle Webdesigner-Hilfeseiten, die mich wissentlich oder unwissentlich zur Verwendung von Stylesheets zur Seitengestaltung gedr\u00e4ngt haben, fanatischst preisen, sie haben mir eine Menge Arbeit erspart. Vielen Dank!<\/p>\n<p>Ja, und das war es auch schon wieder f\u00fcrs erste. Ern\u00fcchternd? Tjahaaa! So sind wir! Faites l&#8217;amour!<br \/>\nBeil\u00e4ufige Gr\u00fc\u00dfe,<br \/>\nL\u00e4n<\/p>\n","protected":false},"excerpt":{"rendered":"<p>Ich habe vor kurzem erst gelernt, dass ROT als Hintergrundfarbe eigentlich \u00fcberhaupt gar nicht geht &#8211; es lenkt die Aufmerksamkeit auf sich und bringt Unruhe, Agressivit\u00e4t und Hausfriedensbruch in die Seite &#8211; und deshalb vollst\u00e4ndig zu vermeiden ist. Warum hat mir auch vorher keiner was gesagt!? Naja. Mal schauen, wie hoch braun-grau-gr\u00fcn-bl\u00e4sslich-dunkel bei der Welt\u00f6ffentlichkeit [&hellip;]<\/p>\n","protected":false},"author":1,"featured_media":0,"comment_status":"open","ping_status":"open","sticky":false,"template":"","format":"standard","meta":[],"categories":[1],"tags":[],"_links":{"self":[{"href":"https:\/\/www.tontraegerberlin.de\/wordpress\/index.php?rest_route=\/wp\/v2\/posts\/432"}],"collection":[{"href":"https:\/\/www.tontraegerberlin.de\/wordpress\/index.php?rest_route=\/wp\/v2\/posts"}],"about":[{"href":"https:\/\/www.tontraegerberlin.de\/wordpress\/index.php?rest_route=\/wp\/v2\/types\/post"}],"author":[{"embeddable":true,"href":"https:\/\/www.tontraegerberlin.de\/wordpress\/index.php?rest_route=\/wp\/v2\/users\/1"}],"replies":[{"embeddable":true,"href":"https:\/\/www.tontraegerberlin.de\/wordpress\/index.php?rest_route=%2Fwp%2Fv2%2Fcomments&post=432"}],"version-history":[{"count":2,"href":"https:\/\/www.tontraegerberlin.de\/wordpress\/index.php?rest_route=\/wp\/v2\/posts\/432\/revisions"}],"predecessor-version":[{"id":434,"href":"https:\/\/www.tontraegerberlin.de\/wordpress\/index.php?rest_route=\/wp\/v2\/posts\/432\/revisions\/434"}],"wp:attachment":[{"href":"https:\/\/www.tontraegerberlin.de\/wordpress\/index.php?rest_route=%2Fwp%2Fv2%2Fmedia&parent=432"}],"wp:term":[{"taxonomy":"category","embeddable":true,"href":"https:\/\/www.tontraegerberlin.de\/wordpress\/index.php?rest_route=%2Fwp%2Fv2%2Fcategories&post=432"},{"taxonomy":"post_tag","embeddable":true,"href":"https:\/\/www.tontraegerberlin.de\/wordpress\/index.php?rest_route=%2Fwp%2Fv2%2Ftags&post=432"}],"curies":[{"name":"wp","href":"https:\/\/api.w.org\/{rel}","templated":true}]}}