{"id":1341,"date":"2017-04-25T10:30:28","date_gmt":"2017-04-25T08:30:28","guid":{"rendered":"http:\/\/www.tontraegerberlin.de\/wordpress\/?p=1341"},"modified":"2017-04-25T10:30:28","modified_gmt":"2017-04-25T08:30:28","slug":"dvdcd-leiser-laerm-live","status":"publish","type":"post","link":"https:\/\/www.tontraegerberlin.de\/wordpress\/?p=1341","title":{"rendered":"DVD+CD &#8222;Leiser L\u00e4rm Live&#8220;"},"content":{"rendered":"<p>Liebe Fans &#038; Finnen,<br \/>\nab sofort gibt es unser erstes Programm &#8222;Leiser L\u00e4rm&#8220; auf DVD (inklusive CD) in unserem <a href=\"https:\/\/www.reimkultur-mv.de\/?SPId=tt\">Online-Shop<\/a>! Ebenfalls enthalten: ein Passwort zum Online-Video in HD. Beschenkt euch &#038; eure Freunde:<\/p>\n<p><a href=\"https:\/\/www.reimkultur-mv.de\/?SPId=tt\"><img decoding=\"async\" loading=\"lazy\" src=\"http:\/\/www.tontraegerberlin.de\/wordpress\/wp-content\/uploads\/LLL-Cover-Quadrat-CD-DVD-300x300.jpg\" alt=\"LLL-Cover Quadrat CD+DVD\" width=\"300\" height=\"300\" class=\"aligncenter size-medium wp-image-1342\" srcset=\"https:\/\/www.tontraegerberlin.de\/wordpress\/wp-content\/uploads\/LLL-Cover-Quadrat-CD-DVD-300x300.jpg 300w, https:\/\/www.tontraegerberlin.de\/wordpress\/wp-content\/uploads\/LLL-Cover-Quadrat-CD-DVD-150x150.jpg 150w, https:\/\/www.tontraegerberlin.de\/wordpress\/wp-content\/uploads\/LLL-Cover-Quadrat-CD-DVD-1024x1024.jpg 1024w\" sizes=\"(max-width: 300px) 100vw, 300px\" \/><\/a><\/p>\n<p>Aufgezeichnet in der <strong>Bar jeder Vernunft<\/strong>, produziert in Zusammenarbeit mit <a href=\"http:\/\/www.reimkultur.de\/Medienvertrieb\">Reimkultur<\/a>.<\/p>\n<p>Einen sch\u00f6nen Fr\u00fchling euch allen!<br \/>\nTONTR\u00c4GER<\/p>\n","protected":false},"excerpt":{"rendered":"<p>Liebe Fans &#038; Finnen, ab sofort gibt es unser erstes Programm &#8222;Leiser L\u00e4rm&#8220; auf DVD (inklusive CD) in unserem Online-Shop! Ebenfalls enthalten: ein Passwort zum Online-Video in HD. Beschenkt euch &#038; eure Freunde: Aufgezeichnet in der Bar jeder Vernunft, produziert in Zusammenarbeit mit Reimkultur. Einen sch\u00f6nen Fr\u00fchling euch allen! TONTR\u00c4GER<\/p>\n","protected":false},"author":1,"featured_media":0,"comment_status":"open","ping_status":"open","sticky":false,"template":"","format":"standard","meta":[],"categories":[1],"tags":[],"_links":{"self":[{"href":"https:\/\/www.tontraegerberlin.de\/wordpress\/index.php?rest_route=\/wp\/v2\/posts\/1341"}],"collection":[{"href":"https:\/\/www.tontraegerberlin.de\/wordpress\/index.php?rest_route=\/wp\/v2\/posts"}],"about":[{"href":"https:\/\/www.tontraegerberlin.de\/wordpress\/index.php?rest_route=\/wp\/v2\/types\/post"}],"author":[{"embeddable":true,"href":"https:\/\/www.tontraegerberlin.de\/wordpress\/index.php?rest_route=\/wp\/v2\/users\/1"}],"replies":[{"embeddable":true,"href":"https:\/\/www.tontraegerberlin.de\/wordpress\/index.php?rest_route=%2Fwp%2Fv2%2Fcomments&post=1341"}],"version-history":[{"count":1,"href":"https:\/\/www.tontraegerberlin.de\/wordpress\/index.php?rest_route=\/wp\/v2\/posts\/1341\/revisions"}],"predecessor-version":[{"id":1343,"href":"https:\/\/www.tontraegerberlin.de\/wordpress\/index.php?rest_route=\/wp\/v2\/posts\/1341\/revisions\/1343"}],"wp:attachment":[{"href":"https:\/\/www.tontraegerberlin.de\/wordpress\/index.php?rest_route=%2Fwp%2Fv2%2Fmedia&parent=1341"}],"wp:term":[{"taxonomy":"category","embeddable":true,"href":"https:\/\/www.tontraegerberlin.de\/wordpress\/index.php?rest_route=%2Fwp%2Fv2%2Fcategories&post=1341"},{"taxonomy":"post_tag","embeddable":true,"href":"https:\/\/www.tontraegerberlin.de\/wordpress\/index.php?rest_route=%2Fwp%2Fv2%2Ftags&post=1341"}],"curies":[{"name":"wp","href":"https:\/\/api.w.org\/{rel}","templated":true}]}}