{"id":1220,"date":"2015-03-06T17:03:49","date_gmt":"2015-03-06T15:03:49","guid":{"rendered":"http:\/\/www.tontraegerberlin.de\/wordpress\/?p=1220"},"modified":"2015-03-06T17:07:14","modified_gmt":"2015-03-06T15:07:14","slug":"tour-videos-presse","status":"publish","type":"post","link":"https:\/\/www.tontraegerberlin.de\/wordpress\/?p=1220","title":{"rendered":"Tour-Videos &#038; Presse"},"content":{"rendered":"<p>Hallo Fans!<\/p>\n<p>Zuerst eine wichtige Ank\u00fcndigung: das Konzert in der Bar jeder Vernunft am Sonntag geht um <font size=\"3\"><strong>19:00 Uhr <\/strong><\/font>(!!!) los (und nicht wie mancherort zu lesen erst um 20:00 Uhr)!<\/p>\n<h3>Tour-Videos<\/h3>\n<p>Au\u00dferdem sind wir mit &#8222;Leiser L\u00e4rm&#8220; durch die Lande gefahren und haben das Geschehen als Erinnerung f\u00fcr uns und euch in ein paar Videos festgehalten, die ihr hier alle nochmal sehen k\u00f6nnt:<\/p>\n<div id=\"fb-root\"><\/div>\n<p><script>(function(d, s, id) {  var js, fjs = d.getElementsByTagName(s)[0];  if (d.getElementById(id)) return;  js = d.createElement(s); js.id = id;  js.src = \"\/\/connect.facebook.net\/de_DE\/all.js#xfbml=1\";  fjs.parentNode.insertBefore(js, fjs);}(document, 'script', 'facebook-jssdk'));<\/script><\/p>\n<div class=\"fb-post\" data-href=\"https:\/\/www.facebook.com\/video.php?v=10152597495111805\" data-width=\"466\">\n<div class=\"fb-xfbml-parse-ignore\"><a href=\"https:\/\/www.facebook.com\/video.php?v=10152597495111805\">Beitrag<\/a> von <a href=\"https:\/\/www.facebook.com\/tontraeger\">Tontr\u00e4ger<\/a>.<\/div>\n<\/div>\n<div id=\"fb-root\"><\/div>\n<p><script>(function(d, s, id) {  var js, fjs = d.getElementsByTagName(s)[0];  if (d.getElementById(id)) return;  js = d.createElement(s); js.id = id;  js.src = \"\/\/connect.facebook.net\/de_DE\/all.js#xfbml=1\";  fjs.parentNode.insertBefore(js, fjs);}(document, 'script', 'facebook-jssdk'));<\/script><\/p>\n<div class=\"fb-post\" data-href=\"https:\/\/www.facebook.com\/video.php?v=10152604885921805\" data-width=\"466\">\n<div class=\"fb-xfbml-parse-ignore\"><a href=\"https:\/\/www.facebook.com\/video.php?v=10152604885921805\">Beitrag<\/a> von <a href=\"https:\/\/www.facebook.com\/tontraeger\">Tontr\u00e4ger<\/a>.<\/div>\n<\/div>\n<div id=\"fb-root\"><\/div>\n<p><script>(function(d, s, id) {  var js, fjs = d.getElementsByTagName(s)[0];  if (d.getElementById(id)) return;  js = d.createElement(s); js.id = id;  js.src = \"\/\/connect.facebook.net\/de_DE\/all.js#xfbml=1\";  fjs.parentNode.insertBefore(js, fjs);}(document, 'script', 'facebook-jssdk'));<\/script><\/p>\n<div class=\"fb-post\" data-href=\"https:\/\/www.facebook.com\/video.php?v=10152608069636805\" data-width=\"466\">\n<div class=\"fb-xfbml-parse-ignore\"><a href=\"https:\/\/www.facebook.com\/video.php?v=10152608069636805\">Beitrag<\/a> von <a href=\"https:\/\/www.facebook.com\/tontraeger\">Tontr\u00e4ger<\/a>.<\/div>\n<\/div>\n<div id=\"fb-root\"><\/div>\n<p><script>(function(d, s, id) {  var js, fjs = d.getElementsByTagName(s)[0];  if (d.getElementById(id)) return;  js = d.createElement(s); js.id = id;  js.src = \"\/\/connect.facebook.net\/de_DE\/all.js#xfbml=1\";  fjs.parentNode.insertBefore(js, fjs);}(document, 'script', 'facebook-jssdk'));<\/script><\/p>\n<div class=\"fb-post\" data-href=\"https:\/\/www.facebook.com\/video.php?v=10152613494041805\" data-width=\"466\">\n<div class=\"fb-xfbml-parse-ignore\"><a href=\"https:\/\/www.facebook.com\/video.php?v=10152613494041805\">Beitrag<\/a> von <a href=\"https:\/\/www.facebook.com\/tontraeger\">Tontr\u00e4ger<\/a>.<\/div>\n<\/div>\n<p><H3>Presse<\/h3>\n<p>Zum Gl\u00fcck blieben unsere Konzerte nicht ganz unbemerkt: Hier &#038; da haben wir es in die Zeitung geschafft!<\/p>\n<p><a href=\"http:\/\/www.tontraegerberlin.de\/wordpress\/wp-content\/uploads\/Passauer-Neue-Presse.png\"><img decoding=\"async\" src=\"http:\/\/www.tontraegerberlin.de\/wordpress\/wp-content\/uploads\/Passauer-Neue-Presse.png\" alt=\"Passauer Neue Presse\" width=\"300\" class=\"aligncenter size-full wp-image-1221\" srcset=\"https:\/\/www.tontraegerberlin.de\/wordpress\/wp-content\/uploads\/Passauer-Neue-Presse.png 765w, https:\/\/www.tontraegerberlin.de\/wordpress\/wp-content\/uploads\/Passauer-Neue-Presse-245x300.png 245w\" sizes=\"(max-width: 765px) 100vw, 765px\" \/><\/a><\/p>\n<p><a href=\"http:\/\/www.tontraegerberlin.de\/wordpress\/wp-content\/uploads\/Mittelhessen.de_.png\"><img decoding=\"async\" src=\"http:\/\/www.tontraegerberlin.de\/wordpress\/wp-content\/uploads\/Mittelhessen.de_.png\" alt=\"Mittelhessen.de\" width=\"300\" class=\"aligncenter size-large wp-image-1222\" srcset=\"https:\/\/www.tontraegerberlin.de\/wordpress\/wp-content\/uploads\/Mittelhessen.de_.png 617w, https:\/\/www.tontraegerberlin.de\/wordpress\/wp-content\/uploads\/Mittelhessen.de_-300x163.png 300w\" sizes=\"(max-width: 617px) 100vw, 617px\" \/><\/a><\/p>\n<p>Und hier noch eine Ank\u00fcndigung aus dem Tagesspiegel (auch mit der falschen Uhrzeit &#8211; richtig ist 19:00 Uhr!)<\/p>\n<p><a href=\"http:\/\/www.tontraegerberlin.de\/wordpress\/wp-content\/uploads\/Tagesspiegel.jpg\"><img decoding=\"async\" src=\"http:\/\/www.tontraegerberlin.de\/wordpress\/wp-content\/uploads\/Tagesspiegel.jpg\" alt=\"Tagesspiegel\" width=\"300\" class=\"aligncenter size-large wp-image-1223\" srcset=\"https:\/\/www.tontraegerberlin.de\/wordpress\/wp-content\/uploads\/Tagesspiegel.jpg 720w, https:\/\/www.tontraegerberlin.de\/wordpress\/wp-content\/uploads\/Tagesspiegel-150x150.jpg 150w, https:\/\/www.tontraegerberlin.de\/wordpress\/wp-content\/uploads\/Tagesspiegel-300x300.jpg 300w\" sizes=\"(max-width: 720px) 100vw, 720px\" \/><\/a><\/p>\n<p>Wenn das nix ist!<br \/>\nBeste Gr\u00fc\u00dfe &#038; bis Sonntag,<br \/>\nTontr\u00e4ger<\/p>\n","protected":false},"excerpt":{"rendered":"<p>Hallo Fans! Zuerst eine wichtige Ank\u00fcndigung: das Konzert in der Bar jeder Vernunft am Sonntag geht um 19:00 Uhr (!!!) los (und nicht wie mancherort zu lesen erst um 20:00 Uhr)! Tour-Videos Au\u00dferdem sind wir mit &#8222;Leiser L\u00e4rm&#8220; durch die Lande gefahren und haben das Geschehen als Erinnerung f\u00fcr uns und euch in ein paar [&hellip;]<\/p>\n","protected":false},"author":1,"featured_media":0,"comment_status":"open","ping_status":"open","sticky":false,"template":"","format":"standard","meta":[],"categories":[1],"tags":[],"_links":{"self":[{"href":"https:\/\/www.tontraegerberlin.de\/wordpress\/index.php?rest_route=\/wp\/v2\/posts\/1220"}],"collection":[{"href":"https:\/\/www.tontraegerberlin.de\/wordpress\/index.php?rest_route=\/wp\/v2\/posts"}],"about":[{"href":"https:\/\/www.tontraegerberlin.de\/wordpress\/index.php?rest_route=\/wp\/v2\/types\/post"}],"author":[{"embeddable":true,"href":"https:\/\/www.tontraegerberlin.de\/wordpress\/index.php?rest_route=\/wp\/v2\/users\/1"}],"replies":[{"embeddable":true,"href":"https:\/\/www.tontraegerberlin.de\/wordpress\/index.php?rest_route=%2Fwp%2Fv2%2Fcomments&post=1220"}],"version-history":[{"count":6,"href":"https:\/\/www.tontraegerberlin.de\/wordpress\/index.php?rest_route=\/wp\/v2\/posts\/1220\/revisions"}],"predecessor-version":[{"id":1229,"href":"https:\/\/www.tontraegerberlin.de\/wordpress\/index.php?rest_route=\/wp\/v2\/posts\/1220\/revisions\/1229"}],"wp:attachment":[{"href":"https:\/\/www.tontraegerberlin.de\/wordpress\/index.php?rest_route=%2Fwp%2Fv2%2Fmedia&parent=1220"}],"wp:term":[{"taxonomy":"category","embeddable":true,"href":"https:\/\/www.tontraegerberlin.de\/wordpress\/index.php?rest_route=%2Fwp%2Fv2%2Fcategories&post=1220"},{"taxonomy":"post_tag","embeddable":true,"href":"https:\/\/www.tontraegerberlin.de\/wordpress\/index.php?rest_route=%2Fwp%2Fv2%2Ftags&post=1220"}],"curies":[{"name":"wp","href":"https:\/\/api.w.org\/{rel}","templated":true}]}}